{"id":7605,"date":"2019-12-10T14:42:02","date_gmt":"2019-12-10T14:42:02","guid":{"rendered":"https:\/\/cevisa.org.br\/portal\/?p=7605"},"modified":"2022-10-04T12:49:10","modified_gmt":"2022-10-04T12:49:10","slug":"como-combater-infeccoes-respiratorias","status":"publish","type":"post","link":"https:\/\/cevisa.org.br\/spa\/como-combater-infeccoes-respiratorias\/","title":{"rendered":"Como Combater Infec\u00e7\u00f5es Respirat\u00f3rias"},"content":{"rendered":"<p>&nbsp;<\/p>\n<p>Antes de falar sobre como combater as infe\u00e7\u00f5es que podem surgir nas vias respirat\u00f3rias, \u00e9 preciso entender o que \u00e9 uma infec\u00e7\u00e3o, e o que pode caus\u00e1-la.<\/p>\n<p>A infec\u00e7\u00e3o respirat\u00f3ria geralmente \u00e9 provocada por microrganismos (v\u00edrus, bact\u00e9rias ou fungos) que provocam diferentes tipos de sintomas como coriza, espirros, tosse, febre ou dor de garganta. Ela surge em qualquer regi\u00e3o do trato respirat\u00f3rio, atingindo desde as vias a\u00e9reas superiores (como narinas, garganta ou seios paranasais), at\u00e9 as vias a\u00e9reas inferiores (como br\u00f4nquios e pulm\u00f5es).<\/p>\n<p>Partindo dessa prim\u00edcia, que tal aprender um pouco sobre como realmente podemos combater essas infec\u00e7\u00f5es? Vamos l\u00e1!<\/p>\n<p>Nesse artigo voc\u00ea vai encontrar:<\/p>\n<ul>\n<li>Per\u00edodo do ano mais propenso para surgir infec\u00e7\u00f5es<\/li>\n<li>As infec\u00e7\u00f5es respirat\u00f3rias mais comuns<\/li>\n<li>Como diagnostic\u00e1-las?<\/li>\n<li>Quais os tratamentos?<\/li>\n<li>Combatendo as infec\u00e7\u00f5es<\/li>\n<\/ul>\n<h2>Per\u00edodo do ano mais propenso para surgir infec\u00e7\u00f5es<\/h2>\n<p>Durante os per\u00edodos mais frios do ano, \u00e9 muito comum o surgimento desse tipo de infec\u00e7\u00e3o, j\u00e1 que existe uma tend\u00eancia das pessoas de procurarem ambientes fechados para se protegerem do frio.<\/p>\n<p>Por isso, no inverno o cuidado deve ser dobrado, procurar sempre lugares mais arejados, com bastante ventila\u00e7\u00e3o.<\/p>\n<h2>As infec\u00e7\u00f5es respirat\u00f3rias mais comuns<\/h2>\n<p>As infec\u00e7\u00f5es das vias a\u00e9reas superiores s\u00e3o as mais comuns e costumam ser muito contagiosas, sendo facilmente propagadas em locais com aglomera\u00e7\u00f5es de pessoas, como escolas, creches ou no \u00f4nibus, por exemplo. J\u00e1 as infec\u00e7\u00f5es de vias a\u00e9reas inferiores costumam ser mais graves e atingem pessoas com maior risco, como os beb\u00eas, as crian\u00e7as, os idosos e em pessoas com a imunidade comprometida.<\/p>\n<h3>Como diagnostic\u00e1-las?<\/h3>\n<p>Para diagnosticar a infec\u00e7\u00e3o respirat\u00f3ria, geralmente \u00e9 necess\u00e1ria a avalia\u00e7\u00e3o do m\u00e9dico, que ir\u00e1 identificar os sintomas e fazer o exame f\u00edsico. Em casos de suspeita de infec\u00e7\u00f5es mais graves, como pneumonia ou tuberculose, ou quando h\u00e1 d\u00favidas da causa, pode ser necess\u00e1rio a realiza\u00e7\u00e3o de exames, como raio-X de t\u00f3rax, hemograma ou teste do escarro, para identificar o microrganismo que gerou a infec\u00e7\u00e3o e assim decidir pelo tratamento mais indicado.<\/p>\n<h3>Quais os tratamentos?<\/h3>\n<p>O tratamento da infec\u00e7\u00e3o respirat\u00f3ria depende da sua causa e da gravidade da infec\u00e7\u00e3o. Assim, geralmente, \u00e9 indicado repouso, uso de analg\u00e9sicos e antit\u00e9rmicos. Al\u00e9m disso, pessoas internadas no hospital podem necessitar de fisioterapia respirat\u00f3ria para fazer a retirada das secre\u00e7\u00f5es pulmonares e assim aliviar o desconforto que a doen\u00e7a provoca.<\/p>\n<h2>Combatendo as infec\u00e7\u00f5es<\/h2>\n<p>Para evitar as infec\u00e7\u00f5es respirat\u00f3rias, \u00e9 recomendado evitar locais aglomerados, o contato com pessoas infectadas, sempre lavar as m\u00e3os e evitar colocar objetos no nariz ou boca, pois s\u00e3o as principais formas de cont\u00e1gios.<\/p>\n<p>Al\u00e9m disso, ao persistir os sintomas, deve procurar um m\u00e9dico especialista (otorrino). A boa not\u00edcia \u00e9 que voc\u00ea pode encontrar no CEVISA, no CENTRO M\u00c9DICO. Para agendar uma consulta \u00e9 s\u00f3 ligar para (19) 3858.5918.<\/p>\n<p>At\u00e9 a pr\u00f3xima!<\/p>\n","protected":false},"excerpt":{"rendered":"<p>&nbsp; Antes de falar sobre como combater as infe\u00e7\u00f5es que podem surgir nas vias respirat\u00f3rias, \u00e9 preciso entender o que \u00e9 uma infec\u00e7\u00e3o, e o que pode caus\u00e1-la. A infec\u00e7\u00e3o&#8230;<\/p>\n","protected":false},"author":4,"featured_media":9289,"comment_status":"open","ping_status":"closed","sticky":false,"template":"","format":"standard","meta":{"footnotes":""},"categories":[46],"tags":[],"class_list":{"0":"post-7605","1":"post","2":"type-post","3":"status-publish","4":"format-standard","5":"has-post-thumbnail","7":"category-saude-bemestar"},"_links":{"self":[{"href":"https:\/\/cevisa.org.br\/spa\/wp-json\/wp\/v2\/posts\/7605","targetHints":{"allow":["GET"]}}],"collection":[{"href":"https:\/\/cevisa.org.br\/spa\/wp-json\/wp\/v2\/posts"}],"about":[{"href":"https:\/\/cevisa.org.br\/spa\/wp-json\/wp\/v2\/types\/post"}],"author":[{"embeddable":true,"href":"https:\/\/cevisa.org.br\/spa\/wp-json\/wp\/v2\/users\/4"}],"replies":[{"embeddable":true,"href":"https:\/\/cevisa.org.br\/spa\/wp-json\/wp\/v2\/comments?post=7605"}],"version-history":[{"count":1,"href":"https:\/\/cevisa.org.br\/spa\/wp-json\/wp\/v2\/posts\/7605\/revisions"}],"predecessor-version":[{"id":9290,"href":"https:\/\/cevisa.org.br\/spa\/wp-json\/wp\/v2\/posts\/7605\/revisions\/9290"}],"wp:featuredmedia":[{"embeddable":true,"href":"https:\/\/cevisa.org.br\/spa\/wp-json\/wp\/v2\/media\/9289"}],"wp:attachment":[{"href":"https:\/\/cevisa.org.br\/spa\/wp-json\/wp\/v2\/media?parent=7605"}],"wp:term":[{"taxonomy":"category","embeddable":true,"href":"https:\/\/cevisa.org.br\/spa\/wp-json\/wp\/v2\/categories?post=7605"},{"taxonomy":"post_tag","embeddable":true,"href":"https:\/\/cevisa.org.br\/spa\/wp-json\/wp\/v2\/tags?post=7605"}],"curies":[{"name":"wp","href":"https:\/\/api.w.org\/{rel}","templated":true}]}}