{"id":7612,"date":"2019-12-10T14:31:53","date_gmt":"2019-12-10T14:31:53","guid":{"rendered":"https:\/\/cevisa.org.br\/portal\/?p=7612"},"modified":"2022-10-04T12:49:56","modified_gmt":"2022-10-04T12:49:56","slug":"como-a-poluicao-sonora-pode-afetar-a-sua-vida","status":"publish","type":"post","link":"https:\/\/cevisa.org.br\/spa\/como-a-poluicao-sonora-pode-afetar-a-sua-vida\/","title":{"rendered":"Como A Polui\u00e7\u00e3o Sonora Pode Afetar A Sua Vida"},"content":{"rendered":"<p>Afinal, o que \u00e9 polui\u00e7\u00e3o sonora? Polui\u00e7\u00e3o sonora \u00e9 a terceira maior polui\u00e7\u00e3o,&nbsp; depois da \u00e1gua e do ar, \u00e9 um conjunto de ru\u00eddos que ocorrem simultaneamente no ambiente e s\u00e3o avaliados mediante a frequ\u00eancia e a intensidade sonora. E como podemos entender e diferenciar quando um som estiver sendo prejudicial para a nossa audi\u00e7\u00e3o? \u00c9 o que vamos ver nesse artigo. Al\u00e9m disso, tamb\u00e9m vamos falar sobre:<\/p>\n<ul>\n<li>O que \u00e9 ru\u00eddo?<\/li>\n<li>Como os ru\u00eddos s\u00e3o percebidos?<\/li>\n<li>Quais os impactos cl\u00ednicos causados por sons muito altos?<\/li>\n<li>Quais s\u00e3o os n\u00edveis de ru\u00eddos aceit\u00e1veis para a nossa audi\u00e7\u00e3o?<\/li>\n<\/ul>\n<h2>O que \u00e9 um ru\u00eddo?<\/h2>\n<p>O ru\u00eddo \u00e9 ent\u00e3o definido como qualquer est\u00edmulo sonoro desagrad\u00e1vel ou irritante para quem o est\u00e1 presenciando. Entretanto, para uma defini\u00e7\u00e3o mais elaborada, poder\u00edamos dizer que, o ru\u00eddo seria o som que atrapalha a comunica\u00e7\u00e3o principal, podendo ser cont\u00ednuo, intermitente ou de impacto, seja pelo volume exacerbado, seja pela qualidade do som emitido.<\/p>\n<p>Para a finalidade do diagn\u00f3stico e avalia\u00e7\u00e3o da progress\u00e3o de perda auditiva instaurada, como eles s\u00e3o percebidos? Continue com a leitura, pois, vamos compreender melhor a seguir:<\/p>\n<h2>Como os ru\u00eddos s\u00e3o percebidos?<\/h2>\n<p>Os ru\u00eddos s\u00e3o percebidos em diferentes momentos do dia, como em uma sala de aula, situa\u00e7\u00f5es de tr\u00e1fego de ve\u00edculos automotores, ambientes com muita m\u00fasica (como danceterias ou shows), eventos, aglomera\u00e7\u00e3o de pessoas, etc.<\/p>\n<h3>E quais s\u00e3o os impactos cl\u00ednicos desse problema?<\/h3>\n<p>Al\u00e9m dos sintomas auditivos decorrentes da exposi\u00e7\u00e3o excessiva ao ru\u00eddo &nbsp;ele traz&nbsp; v\u00e1rios impactos n\u00e3o auditivos como:<\/p>\n<ol>\n<li>Conforme o aumento no n\u00edvel de ru\u00eddo, os indiv\u00edduos podem apresentar dificuldades para conciliar o sono;<\/li>\n<li>Problemas com hipertens\u00e3o, ins\u00f4nia, estresse, falta de aten\u00e7\u00e3o, altera\u00e7\u00f5es g\u00e1stricas, impot\u00eancia sexual entre outros;<\/li>\n<li>Problemas para entender a fala escutar e manter di\u00e1logos com outras pessoas;<\/li>\n<li>Zumbidos;<\/li>\n<li>Inc\u00f4modos progressivos;<\/li>\n<li>Entre outras caracter\u00edsticas, que s\u00e3o sintomas da perda auditiva causada pela exposi\u00e7\u00e3o ao ru\u00eddo a longo prazo.<\/li>\n<\/ol>\n<p>Al\u00e9m disso, indiv\u00edduo tamb\u00e9m pode apresentar surdez, o que o levar\u00e1 a necessidade de utilizar aparelhos auditivos ou de reabilita\u00e7\u00e3o auditiva para recuperar, ou amenizar o dano causado pela exposi\u00e7\u00e3o a &nbsp;n\u00edvel t\u00f3xico e constante da polui\u00e7\u00e3o sonora.<\/p>\n<h2>Quais os impactos cl\u00ednicos causados por sons muito altos?<\/h2>\n<p>A polui\u00e7\u00e3o sonora promove o aumento de horm\u00f4nios no sangue, como a adrenalina, que causa constri\u00e7\u00e3o dos vasos sangu\u00edneos e, consequentemente, aumento da press\u00e3o arterial a curto prazo. Nesse caso, os indiv\u00edduos com diagn\u00f3stico de hipertens\u00e3o ser\u00e3o mais afetados.<\/p>\n<p>Al\u00e9m disso, esse est\u00edmulo causa dist\u00farbios de sono, principalmente quando associada a luzes intermitentes ou barulhos altos, causando ins\u00f4nia e diminuindo a qualidade de vida.<\/p>\n<h2>E quais s\u00e3o os n\u00edveis de ru\u00eddos aceit\u00e1veis para nossa audi\u00e7\u00e3o?<\/h2>\n<p>&nbsp;<\/p>\n<p><img loading=\"lazy\" decoding=\"async\" class=\"alignnone wp-image-7614 size-event-post-thumb\" src=\"https:\/\/cevisa.org.br\/portal\/wp-content\/uploads\/2019\/12\/Como-A-Polui\u00e7\u00e3o-Sonora-Pode-Afetar-A-Sua-Vida-630x300.jpg\" alt=\"\" width=\"630\" height=\"300\"><\/p>\n<p>&nbsp;<\/p>\n<p>At\u00e9 50dB o n\u00edvel de ru\u00eddo ainda \u00e9 confort\u00e1vel, como em salas de leitura, biblioteca e lugares com pouco di\u00e1logo entre as pessoas. Acima desse n\u00edvel, os impactos auditivos ser\u00e3o percebidos e o tempo de exposi\u00e7\u00e3o deve ser diminu\u00eddo progressivamente.<\/p>\n<p>De acordo com as NR 15 (Norma Regulamentar da Legisla\u00e7\u00e3o Trabalhista Brasileira que regulamenta sobre trabalhados insalubres), \u00e9 determinado que, um n\u00edvel de ru\u00eddo de 85dB, o indiv\u00edduo poder\u00e1 permanecer no ambiente por no m\u00e1ximo 8 horas, enquanto em um ambiente com um n\u00edvel de 110 DB, n\u00e3o se deve ultrapassar 15 min.<\/p>\n<p><em>Obs: Essas informa\u00e7\u00f5es foram elaboradas e revisadas pelo Decreto de lei n.9\/2007<\/em><\/p>\n<p>Afinal, como podemos saber se a sua audi\u00e7\u00e3o est\u00e1 realmente boa? Consultando um dos nossos especialistas nessa \u00e1rea. Para agendar uma consulta com o otorrino, e fazer um check up da sua audi\u00e7\u00e3o, ligue para (19) 3858-1958.<\/p>\n","protected":false},"excerpt":{"rendered":"<p>Afinal, o que \u00e9 polui\u00e7\u00e3o sonora? Polui\u00e7\u00e3o sonora \u00e9 a terceira maior polui\u00e7\u00e3o,&nbsp; depois da \u00e1gua e do ar, \u00e9 um conjunto de ru\u00eddos que ocorrem simultaneamente no ambiente e&#8230;<\/p>\n","protected":false},"author":4,"featured_media":9293,"comment_status":"open","ping_status":"closed","sticky":false,"template":"","format":"standard","meta":{"footnotes":""},"categories":[46],"tags":[],"class_list":{"0":"post-7612","1":"post","2":"type-post","3":"status-publish","4":"format-standard","5":"has-post-thumbnail","7":"category-saude-bemestar"},"_links":{"self":[{"href":"https:\/\/cevisa.org.br\/spa\/wp-json\/wp\/v2\/posts\/7612","targetHints":{"allow":["GET"]}}],"collection":[{"href":"https:\/\/cevisa.org.br\/spa\/wp-json\/wp\/v2\/posts"}],"about":[{"href":"https:\/\/cevisa.org.br\/spa\/wp-json\/wp\/v2\/types\/post"}],"author":[{"embeddable":true,"href":"https:\/\/cevisa.org.br\/spa\/wp-json\/wp\/v2\/users\/4"}],"replies":[{"embeddable":true,"href":"https:\/\/cevisa.org.br\/spa\/wp-json\/wp\/v2\/comments?post=7612"}],"version-history":[{"count":1,"href":"https:\/\/cevisa.org.br\/spa\/wp-json\/wp\/v2\/posts\/7612\/revisions"}],"predecessor-version":[{"id":9294,"href":"https:\/\/cevisa.org.br\/spa\/wp-json\/wp\/v2\/posts\/7612\/revisions\/9294"}],"wp:featuredmedia":[{"embeddable":true,"href":"https:\/\/cevisa.org.br\/spa\/wp-json\/wp\/v2\/media\/9293"}],"wp:attachment":[{"href":"https:\/\/cevisa.org.br\/spa\/wp-json\/wp\/v2\/media?parent=7612"}],"wp:term":[{"taxonomy":"category","embeddable":true,"href":"https:\/\/cevisa.org.br\/spa\/wp-json\/wp\/v2\/categories?post=7612"},{"taxonomy":"post_tag","embeddable":true,"href":"https:\/\/cevisa.org.br\/spa\/wp-json\/wp\/v2\/tags?post=7612"}],"curies":[{"name":"wp","href":"https:\/\/api.w.org\/{rel}","templated":true}]}}