{"id":7969,"date":"2020-03-01T22:18:48","date_gmt":"2020-03-01T22:18:48","guid":{"rendered":"https:\/\/cevisa.org.br\/portal\/?p=7969"},"modified":"2022-10-04T12:31:34","modified_gmt":"2022-10-04T12:31:34","slug":"coronavirus-manifestacoes-sintomas-e-cuidados","status":"publish","type":"post","link":"https:\/\/cevisa.org.br\/spa\/coronavirus-manifestacoes-sintomas-e-cuidados\/","title":{"rendered":"Coronav\u00edrus: Manifesta\u00e7\u00f5es, Sintomas e Cuidados"},"content":{"rendered":"<p><strong>H\u00e1 uma nova epidemia mundial de uma doen\u00e7a transmiss\u00edvel infectocontagiosa denominada Coronav\u00edrus. Por que este v\u00edrus est\u00e1 contaminando tantas pessoas? Nesse artigo voc\u00ea vai conferir tudo o que se sabe sobre o coronav\u00edrus, e o que ainda falta esclarecimento.<\/strong><\/p>\n<p>Mas, primeiro vamos entender:<\/p>\n<p>&nbsp;<\/p>\n<h2>O que \u00e9 o Coronav\u00edrus?<\/h2>\n<p>De acordo com o <a href=\"http:\/\/saude.gov.br\">Minist\u00e9rio da Sa\u00fade<\/a>, os coronav\u00edrus (CoV) s\u00e3o uma grande fam\u00edlia de v\u00edrus, conhecidos desde meados dos anos 1960, que causam infec\u00e7\u00f5es respirat\u00f3rias em seres humanos e em animais. Geralmente, infec\u00e7\u00f5es por coronav\u00edrus causam doen\u00e7as respirat\u00f3rias leves a moderada, semelhantes a um resfriado comum.<\/p>\n<p>&nbsp;<\/p>\n<p>A maioria das pessoas se infectam com os coronav\u00edrus comuns ao longo da vida, sendo as crian\u00e7as pequenas mais propensas a se infectarem. Os coronav\u00edrus comuns que infectam humanos s\u00e3o alpha coronav\u00edrus 229E e NL63 e beta coronav\u00edrus OC43, HKU1.<\/p>\n<p>&nbsp;<\/p>\n<p>Em alguns casos, os coronav\u00edrus podem causar s\u00edndromes respirat\u00f3rias graves, como a s\u00edndrome respirat\u00f3ria aguda grave que ficou conhecida pela sigla SARS da s\u00edndrome em ingl\u00eas <em>\u201cSevere Acute Respiratory Syndrome\u201d<\/em>. SARS \u00e9 causada pelo coronav\u00edrus associado \u00e0 SARS (SARS-CoV), sendo os primeiros relatos na China em 2002.<\/p>\n<p>&nbsp;<\/p>\n<p>O SARS-CoV se disseminou rapidamente para mais de doze pa\u00edses na Am\u00e9rica do Norte, Am\u00e9rica do Sul, Europa e Asia, infectando mais de 8.000 pessoas e causando entorno de 800 mortes, antes da epidemia global de SARS ser controlada em 2003. Desde 2004, nenhum caso de SARS tinhq sido relatado mundialmente.<\/p>\n<p>&nbsp;<\/p>\n<p>Em 2012, foi isolado outro novo coronav\u00edrus, distinto daquele que causou a SARS no come\u00e7o da d\u00e9cada passada. Esse novo coronav\u00edrus era desconhecido como agente de doen\u00e7a humana at\u00e9 sua identifica\u00e7\u00e3o, inicialmente na Ar\u00e1bia Saudita e, posteriormente, em outros pa\u00edses do Oriente M\u00e9dio, na Europa e na \u00c1frica. Todos os casos identificados foram da Pen\u00ednsula Ar\u00e1bica tinham hist\u00f3rico de viagem ou contato recente com viajantes procedentes de pa\u00edses do Oriente M\u00e9dio \u2013 Ar\u00e1bia Saudita, Catar, Emirados \u00c1rabes e Jord\u00e2nia.<\/p>\n<p>&nbsp;<\/p>\n<h2>Como esse v\u00edrus se manifesta?<\/h2>\n<p>Os coronav\u00edrus humanos comuns causam infec\u00e7\u00f5es respirat\u00f3rias brandas a moderadas de curta dura\u00e7\u00e3o.<\/p>\n<p>&nbsp;<\/p>\n<h3>Os principais sintomas s\u00e3o:<\/h3>\n<p>Coriza, tosse, dor de garganta e febre. Esses v\u00edrus algumas vezes podem causar infec\u00e7\u00e3o das vias respirat\u00f3rias inferiores, como pneumonia. Esse quadro \u00e9 mais comum em pessoas com doen\u00e7as cardiopulmonares e,ou naqueles com doen\u00e7as cr\u00f4nicas que j\u00e1 possuem um sistema imunol\u00f3gico comprometido, como tamb\u00e9m nas faixas&nbsp; et\u00e1rias extremas da inf\u00e2ncia e idosos.<\/p>\n<p>&nbsp;<\/p>\n<p><strong>Algumas outras informa\u00e7\u00f5es a serem ressaltadas<\/strong><\/p>\n<p style=\"padding-left: 40px;\">1) Per\u00edodo de incuba\u00e7\u00e3o: &nbsp;2 a 14 dias, \u00e9 o per\u00edodo que o v\u00edrus entra no organismo do indiv\u00edduo, por\u00e9m antes de surgirem os sintomas<\/p>\n<p>&nbsp;<\/p>\n<p style=\"padding-left: 40px;\">2) Per\u00edodo de Transmissibilidade: \u00c9 quando os sintomas se manifestam, h\u00e1 uma alta virul\u00eancia , nesta fase \u00e9 onde em geral ocorre a transmiss\u00e3o do v\u00edrus. \u00c9 poss\u00edvel a transmiss\u00e3o viral ap\u00f3s a resolu\u00e7\u00e3o dos sintomas, mas a dura\u00e7\u00e3o do per\u00edodo de transmissibilidade \u00e9 desconhecido para o SARS-CoV e o MERS-CoV. Durante o per\u00edodo de incuba\u00e7\u00e3o e casos assintom\u00e1ticos n\u00e3o s\u00e3o contagiosos.<\/p>\n<p>&nbsp;<\/p>\n<p style=\"padding-left: 40px;\">3) Modo de Transmiss\u00e3o: A &nbsp;principal forma de transmiss\u00e3o dos coronav\u00edrus se d\u00e1 por contato pr\u00f3ximo** de pessoa a pessoa, atrav\u00e9s de vias respirat\u00f3rias por got\u00edculas suspensas no ar.<\/p>\n<p>&nbsp;<\/p>\n<h2>Quais os cuidados essenciais?<\/h2>\n<p>O Minist\u00e9rio da Sa\u00fade t\u00eam algumas orienta\u00e7\u00f5es quanto aos cuidados para se prevenir contra o novo coronav\u00edrus. S\u00e3o eles:<\/p>\n<ul>\n<li>Cobrir a boca e nariz ao tossir ou espirrar;<\/li>\n<li>Utilizar len\u00e7o descart\u00e1vel para higiene nasal;<\/li>\n<li>Evitar tocar mucosas de olhos, nariz e boca;<\/li>\n<li>N\u00e3o compartilhar objetos de uso pessoal;<\/li>\n<li>Limpar regularmente o ambiente e mant\u00ea-lo ventilado;<\/li>\n<li>Lavar as m\u00e3os por pelo menos 20 segundos com \u00e1gua e sab\u00e3o ou usar antiss\u00e9ptico de m\u00e3os \u00e0 base de \u00e1lcool;<\/li>\n<li>Deslocamentos n\u00e3o devem ser realizados enquanto a pessoa estiver doente;<\/li>\n<li>Quem for viajar aos locais com circula\u00e7\u00e3o do v\u00edrus deve evitar contato com pessoas doentes, animais (vivos ou mortos), e a circula\u00e7\u00e3o em mercados de animais e seus produtos.<\/li>\n<\/ul>\n<p>&nbsp;<\/p>\n<h2>Exitem medicamentos dispon\u00edveis?<\/h2>\n<p>Ainda n\u00e3o h\u00e1 vacina dispon\u00edvel. A Coaliz\u00e3o de Inova\u00e7\u00f5es em Prepara\u00e7\u00e3o para Epidemias (Cepi) \u2013 grupo internacional para o controle de doen\u00e7as \u2013 anunciou um fundo para apoiar tr\u00eas programas de desenvolvimento de vacinas contra o 2019-nCoV, o novo coronav\u00edrus.<\/p>\n<p>&nbsp;<\/p>\n<p>A R\u00fassia tamb\u00e9m informou que busca uma vacina para o v\u00edrus. Um grupo de cientistas americanos anunciaram &nbsp;que devem come\u00e7ar a testar as vacinas em tr\u00eas meses.<\/p>\n<p>&nbsp;<\/p>\n<h2>Orienta\u00e7\u00e3o do CEVISA<\/h2>\n<h4>A seguir a Dra Luisa Adriana Antunes, coordenadora cl\u00ednica do CEVISA tem algumas orienta\u00e7\u00f5es para voc\u00ea:<\/h4>\n<p>A preven\u00e7\u00e3o sempre \u00e9 o melhor de todos os rem\u00e9dios para combate e controle de todas doen\u00e7as cr\u00f4nicas transmiss\u00edveis e n\u00e3o transmiss\u00edveis, assim sendo tamb\u00e9m na preven\u00e7\u00e3o do Coronav\u00edrus.<\/p>\n<p>Precisamos de um sistema de defesa ( sistema imunol\u00f3gico) do nosso organismo bem fortalecido, afim de obtermos isto \u00e9 necess\u00e1rio uma alimenta\u00e7\u00e3o rica em nutrientes das fontes do reino vegetal:&nbsp; verduras, legumes, frutas , leguminosas, oleoginosas ; evitando alimentos com a\u00e7ucares, gorduras saturadas , farinhas brancas, alimentos de origem animal, assim como produtos processados&nbsp; e ultra processados.<\/p>\n<p>O exerc\u00edcio f\u00edsico regular no m\u00ednimo 150 minutos por semana \u00e9 um grande potencializador do nosso sistema imunol\u00f3gico, al\u00e9m disso temos o repouso com horas adequada de sono como um grande reparador de todo nosso mecanismo de defesa do corpo, tamb\u00e9m recomendamos o Sol por 10-20 minutos dias devido sua a\u00e7\u00e3o no combate aos v\u00edrus, bact\u00e9rias e fungos.<\/p>\n<p>Atrav\u00e9s de um estilo de vida saud\u00e1vel voc\u00ea estar\u00e1 garantindo um corpo e mente fortes na preven\u00e7\u00e3o e combate ao Coronav\u00edrus , como tamb\u00e9m para tantas outras doen\u00e7as epid\u00eamicas globais, que mais afligem a popula\u00e7\u00e3o mundial como as enfermidades cardiovasculares.<\/p>\n<p>&nbsp;<\/p>\n<p>Venham para o CEVISA, iremos cuidar de voc\u00ea, vamos prevenir e combater in\u00fameras doen\u00e7as, promovendo&nbsp; mais sa\u00fade,&nbsp; longevidade com qualidade de vida.<\/p>\n<p>Cuide-se!<\/p>\n<p><a href=\"https:\/\/cevisa.org.br\/portal\/wp-content\/uploads\/2020\/03\/2EB52622-A6A7-41D8-958B-0FEF921DEEAC.jpg\"><img loading=\"lazy\" decoding=\"async\" class=\"alignleft size-full wp-image-7972\" src=\"https:\/\/cevisa.org.br\/portal\/wp-content\/uploads\/2020\/03\/2EB52622-A6A7-41D8-958B-0FEF921DEEAC.jpg\" alt=\"\" width=\"735\" height=\"1102\"><\/a><\/p>\n<h6>Fonte: Sa\u00fade.Gov; Bem-estarl Minist\u00e9rio da Sa\u00fade<\/h6>\n","protected":false},"excerpt":{"rendered":"<p>H\u00e1 uma nova epidemia mundial de uma doen\u00e7a transmiss\u00edvel infectocontagiosa denominada Coronav\u00edrus. Por que este v\u00edrus est\u00e1 contaminando tantas pessoas? Nesse artigo voc\u00ea vai conferir tudo o que se sabe&#8230;<\/p>\n","protected":false},"author":4,"featured_media":9210,"comment_status":"open","ping_status":"closed","sticky":false,"template":"","format":"standard","meta":{"footnotes":""},"categories":[46],"tags":[146,147,148,149],"class_list":{"0":"post-7969","1":"post","2":"type-post","3":"status-publish","4":"format-standard","5":"has-post-thumbnail","7":"category-saude-bemestar","8":"tag-coronavirus","9":"tag-covid-19","10":"tag-imunidade","11":"tag-quarentena"},"_links":{"self":[{"href":"https:\/\/cevisa.org.br\/spa\/wp-json\/wp\/v2\/posts\/7969","targetHints":{"allow":["GET"]}}],"collection":[{"href":"https:\/\/cevisa.org.br\/spa\/wp-json\/wp\/v2\/posts"}],"about":[{"href":"https:\/\/cevisa.org.br\/spa\/wp-json\/wp\/v2\/types\/post"}],"author":[{"embeddable":true,"href":"https:\/\/cevisa.org.br\/spa\/wp-json\/wp\/v2\/users\/4"}],"replies":[{"embeddable":true,"href":"https:\/\/cevisa.org.br\/spa\/wp-json\/wp\/v2\/comments?post=7969"}],"version-history":[{"count":1,"href":"https:\/\/cevisa.org.br\/spa\/wp-json\/wp\/v2\/posts\/7969\/revisions"}],"predecessor-version":[{"id":9211,"href":"https:\/\/cevisa.org.br\/spa\/wp-json\/wp\/v2\/posts\/7969\/revisions\/9211"}],"wp:featuredmedia":[{"embeddable":true,"href":"https:\/\/cevisa.org.br\/spa\/wp-json\/wp\/v2\/media\/9210"}],"wp:attachment":[{"href":"https:\/\/cevisa.org.br\/spa\/wp-json\/wp\/v2\/media?parent=7969"}],"wp:term":[{"taxonomy":"category","embeddable":true,"href":"https:\/\/cevisa.org.br\/spa\/wp-json\/wp\/v2\/categories?post=7969"},{"taxonomy":"post_tag","embeddable":true,"href":"https:\/\/cevisa.org.br\/spa\/wp-json\/wp\/v2\/tags?post=7969"}],"curies":[{"name":"wp","href":"https:\/\/api.w.org\/{rel}","templated":true}]}}