{"id":7979,"date":"2020-03-12T13:12:54","date_gmt":"2020-03-12T13:12:54","guid":{"rendered":"https:\/\/cevisa.org.br\/portal\/?p=7979"},"modified":"2022-10-04T12:31:06","modified_gmt":"2022-10-04T12:31:06","slug":"curiosidades-sobre-o-dia-internacional-da-mulher","status":"publish","type":"post","link":"https:\/\/cevisa.org.br\/spa\/curiosidades-sobre-o-dia-internacional-da-mulher\/","title":{"rendered":"Curiosidades Sobre O Dia Internacional Da Mulher"},"content":{"rendered":"<p><strong>Para muitos, dia 08 de Mar\u00e7o \u00e9 apenas mais um dia para homenagear as mulheres com flores. Mas, ao contr\u00e1rio do que a maioria acredita, essa \u00e9 uma data comemorativa diferente das outras. Voc\u00ea sabia que o dia internacional da mulher n\u00e3o foi criada para o com\u00e9rcio? Nesse artigo voc\u00ea vai descobrir um pouco da hist\u00f3ria desse dia, dos verdadeiros motivos por tr\u00e1s dessa data.<\/strong><\/p>\n<p>&nbsp;<\/p>\n<p>Oficializado pela Organiza\u00e7\u00e3o das Na\u00e7\u00f5es Unidas em 1975, e intitulado como Dia Internacional da Mulher, era uma data celebrada no in\u00edcio do s\u00e9culo XX, como principal foco de comemora\u00e7\u00e3o os direitos trabalhistas.<\/p>\n<p>&nbsp;<\/p>\n<p>Algumas mulheres que trabalhavam nas f\u00e1bricas dos Estados Unidos e alguns pa\u00edses da Europa, se uniram afim de reivindicar seus direitos, que eram de longe muito piores do que dos homens daquela \u00e9poca.<\/p>\n<p>&nbsp;<\/p>\n<h2>A origem da data<\/h2>\n<p>Muitos acreditam que a origem do dia 08 de Mar\u00e7o ser considerado o Dia internacional da Mulher, tem rela\u00e7\u00e3o ao fato ocorrido no Brasil em 25 de Mar\u00e7o de 1911, quando houve um inc\u00eandio na Campanhia de Blusas Triagle. Nesse dia 146 trabalhadores morreram, sendo 125 mulheres, e 21 homens.<\/p>\n<p>&nbsp;<\/p>\n<p>Entretanto, a escolha da data tem explica\u00e7\u00e3o hist\u00f3rica, de um per\u00edodo anterior ao ocorrido acima. Come\u00e7ou com uma passeata de mulheres, em Nova York, no dia 26 de Fevereiro de 1909. Nesse dia os protestos estavam direcionados mais pelo direito do voto, por\u00e9m, protestavam tamb\u00e9m por melhores condi\u00e7\u00f5es de trabalho. Foram cerca de 15 mil mulheres que sa\u00edram as ruas da cidade naquele dia, marchando por melhores condi\u00e7\u00f5es. Ali teria sido celebrado o primeiro Dia Internacional da Mulher. Enquanto isso, na Europa tamb\u00e9m crescia o movimento nas f\u00e1bricas.<\/p>\n<p>&nbsp;<\/p>\n<h3>A Segunda Confer\u00eancia Internacional das Mulheres Socialista<\/h3>\n<p>Em Agosto de 1910, Clara Zetkin prop\u00f4s em reuni\u00e3o da Segunda Confer\u00eancia Internacional das Mulheres Socialistas, a cria\u00e7\u00e3o de uma jornada com v\u00e1rias manifesta\u00e7\u00f5es.<\/p>\n<p>&nbsp;<\/p>\n<p>A proposta de Zetkin apresentava que houvesse uma jornada anual de manifesta\u00e7\u00f5es das mulheres pela igualdade de direitos, sem determinar o dia exato. Todavia, foi em 19 de Mar\u00e7o de 1911, celebrado o primeiro dia oficial da mulher.<\/p>\n<p>&nbsp;<\/p>\n<h2>O dia internacional da mulher<\/h2>\n<p>Pelo antigo calend\u00e1rio Russo, em 23 de Fevereiro de 1917, houve um marco muito importante do movimento, um grupo de oper\u00e1rias sa\u00edram as ruas para protestarem contra a fome e a Primeira Guerra Mundial. Esse movimento foi o pontap\u00e9 inicial para a Revolu\u00e7\u00e3o Russa. Mas, oi somente em 1918, que os sovi\u00e9ticos adotariam 08 de Mar\u00e7o &#8211; no calend\u00e1rio gregoriano usado pela maioria dos pa\u00edses, como uma celebra\u00e7\u00e3o da \u201cmulher heroica e trabalhadora\u201d.<\/p>\n<p>&nbsp;<\/p>\n<h3>A oficializa\u00e7\u00e3o<\/h3>\n<p>O chamado Dia Internacional da Mulher foi oficializado somente em 1975, ano em que foi intitulado pela <a href=\"https:\/\/nacoesunidas.org\/\">ONU (Organiza\u00e7\u00e3o das Na\u00e7\u00f5es Unidas)<\/a>, como \u201cAno Internacional da Mulher\u201d. Um per\u00edodo para que fosse lembrado das suas conquistas pol\u00edticas e sociais.<\/p>\n<p>&nbsp;<\/p>\n<p>O dia 08 de Mar\u00e7o \u00e9 considerado feriado nacional em v\u00e1rios pa\u00edses, inclusive no Brasil. Aqui, as vendas nas floriculturas se multiplicam nos dias que antecedem a data, pois muitos homens costumam presentear suas amadas com flores no momento.<\/p>\n<p>&nbsp;<\/p>\n<h2>O m\u00eas da mulher no CEVISA<\/h2>\n<p>Por falar em presentes, que tal voc\u00ea, marido, filho ou namorado, presentear sua amada com uma <a href=\"https:\/\/cevisa.org.br\">semana no CEVISA<\/a>? <strong>O m\u00eas de mar\u00e7o \u00e9 voltado especialmente para as mulheres, com atividades, paletras e muito mais!<\/strong><\/p>\n<p>&nbsp;<\/p>\n<h3>Todo dia \u00e9 da mulher<\/h3>\n<p>A efici\u00eancia e destreza das mulheres no passado, levou as mulheres de hoje a conquistarem espa\u00e7os, ganhar respeito e sonhar mais. hoje a mulher est\u00e1 presente em tudo, e essa presen\u00e7a se multiplica em cada conquista.<\/p>\n<p>&nbsp;<\/p>\n<p>N\u00f3s, da equipe do CEVISA, desejamos a voc\u00ea mulher um feliz dia! Que voc\u00ea possa comemor\u00e1-lo todos os dias, afinal, todo dia \u00e9 dia da mulher!<\/p>\n","protected":false},"excerpt":{"rendered":"<p>Para muitos, dia 08 de Mar\u00e7o \u00e9 apenas mais um dia para homenagear as mulheres com flores. Mas, ao contr\u00e1rio do que a maioria acredita, essa \u00e9 uma data comemorativa&#8230;<\/p>\n","protected":false},"author":4,"featured_media":9208,"comment_status":"open","ping_status":"closed","sticky":false,"template":"","format":"standard","meta":{"footnotes":""},"categories":[1],"tags":[],"class_list":{"0":"post-7979","1":"post","2":"type-post","3":"status-publish","4":"format-standard","5":"has-post-thumbnail","7":"category-uncategorized"},"_links":{"self":[{"href":"https:\/\/cevisa.org.br\/spa\/wp-json\/wp\/v2\/posts\/7979","targetHints":{"allow":["GET"]}}],"collection":[{"href":"https:\/\/cevisa.org.br\/spa\/wp-json\/wp\/v2\/posts"}],"about":[{"href":"https:\/\/cevisa.org.br\/spa\/wp-json\/wp\/v2\/types\/post"}],"author":[{"embeddable":true,"href":"https:\/\/cevisa.org.br\/spa\/wp-json\/wp\/v2\/users\/4"}],"replies":[{"embeddable":true,"href":"https:\/\/cevisa.org.br\/spa\/wp-json\/wp\/v2\/comments?post=7979"}],"version-history":[{"count":1,"href":"https:\/\/cevisa.org.br\/spa\/wp-json\/wp\/v2\/posts\/7979\/revisions"}],"predecessor-version":[{"id":9209,"href":"https:\/\/cevisa.org.br\/spa\/wp-json\/wp\/v2\/posts\/7979\/revisions\/9209"}],"wp:featuredmedia":[{"embeddable":true,"href":"https:\/\/cevisa.org.br\/spa\/wp-json\/wp\/v2\/media\/9208"}],"wp:attachment":[{"href":"https:\/\/cevisa.org.br\/spa\/wp-json\/wp\/v2\/media?parent=7979"}],"wp:term":[{"taxonomy":"category","embeddable":true,"href":"https:\/\/cevisa.org.br\/spa\/wp-json\/wp\/v2\/categories?post=7979"},{"taxonomy":"post_tag","embeddable":true,"href":"https:\/\/cevisa.org.br\/spa\/wp-json\/wp\/v2\/tags?post=7979"}],"curies":[{"name":"wp","href":"https:\/\/api.w.org\/{rel}","templated":true}]}}