{"id":8260,"date":"2019-12-10T14:31:09","date_gmt":"2019-12-10T14:31:09","guid":{"rendered":"https:\/\/cevisa.org.br\/portal\/?p=7617"},"modified":"2022-10-04T12:50:15","modified_gmt":"2022-10-04T12:50:15","slug":"5-cuidados-que-devemos-ter-com-a-audicao","status":"publish","type":"post","link":"https:\/\/cevisa.org.br\/spa\/5-cuidados-que-devemos-ter-com-a-audicao\/","title":{"rendered":"5 Cuidados Que Devemos Ter Com A Audi\u00e7\u00e3o"},"content":{"rendered":"<p>A audi\u00e7\u00e3o \u00e9 um dos cinco sentidos humanos, \u00e9 capaz de ouvir e processar o som, e o \u00f3rg\u00e3o respons\u00e1vel por isso \u00e9 a orelha. Este \u00e9 o primeiro sentido a se desenvolver na gesta\u00e7\u00e3o, por volta da d\u00e9cima sexta semana, quando j\u00e1 \u00e9 poss\u00edvel o feto desenvolver est\u00edmulos provenientes do corpo materno e tamb\u00e9m do ambiente externo.<\/p>\n<p>Neste artigo vamos falar sobre:<\/p>\n<ul>\n<li>Anatomia da orelha<\/li>\n<li>A audi\u00e7\u00e3o e a linguagem<\/li>\n<li>Volume e perda auditiva<\/li>\n<li>5 Dicas para cuidar da audi\u00e7\u00e3o<\/li>\n<li>Otorrinolaringologista no Centro M\u00e9dico<\/li>\n<\/ul>\n<h2>A anatomia da orelha<\/h2>\n<p>O processo da audi\u00e7\u00e3o ocorre em duas etapas: o mec\u00e2nico, que acontece na orelha externa e m\u00e9dia, e o mec\u00e2nico\/el\u00e9trico, que decorre na orelha interna.<\/p>\n<p>Orelha externa \u2013 constitu\u00edda pelo pavilh\u00e3o auricular e o canal auditivo.<\/p>\n<p>Orelha m\u00e9dia \u2013 membrana timp\u00e2nica e cadeia de oss\u00edculos.<\/p>\n<p>Orelha interna \u2013 c\u00f3clea, sistema vestibular e nervo auditivo.<\/p>\n<p>Ficou confuso? Acompanhe comigo a imagem abaixo:<\/p>\n<p>&nbsp;<\/p>\n<p><img loading=\"lazy\" decoding=\"async\" class=\"alignnone wp-image-7619 size-full\" src=\"https:\/\/cevisa.org.br\/portal\/wp-content\/uploads\/2019\/12\/anatomia-ouvido.jpg\" alt=\"\" width=\"1000\" height=\"768\"><\/p>\n<p>&nbsp;<\/p>\n<h2>A audi\u00e7\u00e3o e a linguagem<\/h2>\n<p>O sentido da audi\u00e7\u00e3o \u00e9 fundamental no nosso cotidiano e por muitas vezes \u00e9 negligenciado. A audi\u00e7\u00e3o nos permite desenvolver a linguagem oral, que \u00e9 o que nos diferencia dos animais. Atrav\u00e9s dela percebemos o mundo ao nosso redor, &nbsp;\u00e9 um dos sentidos mais importantes para a nossa comunica\u00e7\u00e3o e relacionamento.<\/p>\n<p>O som \u00e9 capaz de proporcionar e modificar as emo\u00e7\u00f5es, e elas podem ter um papel fundamental nos relacionamentos, na sa\u00fade e na qualidade de vida de cada um de n\u00f3s.<\/p>\n<p>Muitas pessoas esquecem que os ouvidos s\u00e3o os respons\u00e1veis pela nossa qualidade de vida. Devemos estar atentos a sa\u00fade de nossos ouvidos o tempo todo, n\u00e3o somente na terceira idade, para termos uma boa audi\u00e7\u00e3o.<\/p>\n<h3>Volume e perda auditiva<\/h3>\n<p>A Sociedade Brasileira de Otologia (SBO) realizou um estudo em S\u00e3o Paulo com 68 jovens. Nesse estudo foi conclu\u00eddo que apenas 14 deles escutavam m\u00fasica com volume mais baixo do que 85 decib\u00e9is (dB), valor que \u00e9 considerado seguro para os ouvidos. Os valores m\u00e9dios ficaram entre 92 dB e 109 dB.<\/p>\n<p>Al\u00e9m disso, os alunos que participaram do levantamento passavam at\u00e9 4 horas di\u00e1rias com os fones de ouvido, tempo avaliado como excessivo, o que pode provocar consequ\u00eancias graves, chegando at\u00e9 a perda auditiva precoce.<\/p>\n<p>\u00c9 preciso proteger a sa\u00fade de nossos ouvidos, por isso, fique atento a essas dicas:<\/p>\n<h2>5 dicas para cuidar da audi\u00e7\u00e3o<\/h2>\n<ol>\n<li>N\u00e3o escute m\u00fasica nem televis\u00e3o em volumes muito altos;<\/li>\n<li>Busque o sil\u00eancio pelo m\u00e1ximo de tempo poss\u00edvel, procurando descansar os seus ouvidos com per\u00edodos sem o uso de fones, por exemplo;<\/li>\n<li>Limite o tempo de uso dos fones de ouvido, j\u00e1 que o per\u00edodo submetido a sons muito altos tamb\u00e9m pode provocar problemas. Quanto maior o volume que voc\u00ea escuta, menor deve ser o tempo de exposi\u00e7\u00e3o;<\/li>\n<li>N\u00e3o utilize fones de m\u00fasica em ambientes muito barulhentos, assim voc\u00ea evita aumentar o volume excessivamente;<\/li>\n<li>Use os protetores auriculares, eles criam uma barreira ac\u00fastica que evita o desgaste e a perda auditiva precoce.<\/li>\n<\/ol>\n<h2>Otorrinolaringologista no Centro M\u00e9dico<\/h2>\n<p>A maioria das pessoas s\u00f3 procura o m\u00e9dico quando j\u00e1 possui algum problema ou quando o mesmo j\u00e1 se agravou muito. O Otorrinolaringologista \u00e9 o m\u00e9dico especialista na sa\u00fade dos ouvidos e que pode orientar a preven\u00e7\u00e3o da perda auditiva.<\/p>\n<p>Sempre que perceber algum desconforto nos ouvidos \u2014 como zumbidos e diminui\u00e7\u00e3o da acuidade auditiva \u2014 procure um Otorrinolaringologista para realizar uma avalia\u00e7\u00e3o detalhada. Al\u00e9m disso, pessoas acima de 50 anos devem procurar esse m\u00e9dico com frequ\u00eancia de uma vez ao ano, para avaliar a sa\u00fade da audi\u00e7\u00e3o.<\/p>\n<p>No Centro M\u00e9dico CEVISA, voc\u00ea consegue agendar uma consulta, \u00e9 s\u00f3 entrar em contato no n\u00famero (19) 3858-5918, e falar com um dos atendentes.<\/p>\n<nav class=\"navigation post-navigation\" role=\"navigation\">\n<h2 class=\"screen-reader-text\"><\/h2>\n<div class=\"nav-links\"><\/div>\n<\/nav>\n","protected":false},"excerpt":{"rendered":"<p>A audi\u00e7\u00e3o \u00e9 um dos cinco sentidos humanos, \u00e9 capaz de ouvir e processar o som, e o \u00f3rg\u00e3o respons\u00e1vel por isso \u00e9 a orelha. Este \u00e9 o primeiro sentido&#8230;<\/p>\n","protected":false},"author":4,"featured_media":9295,"comment_status":"open","ping_status":"closed","sticky":false,"template":"","format":"standard","meta":{"footnotes":""},"categories":[46],"tags":[],"class_list":{"0":"post-8260","1":"post","2":"type-post","3":"status-publish","4":"format-standard","5":"has-post-thumbnail","7":"category-saude-bemestar"},"_links":{"self":[{"href":"https:\/\/cevisa.org.br\/spa\/wp-json\/wp\/v2\/posts\/8260","targetHints":{"allow":["GET"]}}],"collection":[{"href":"https:\/\/cevisa.org.br\/spa\/wp-json\/wp\/v2\/posts"}],"about":[{"href":"https:\/\/cevisa.org.br\/spa\/wp-json\/wp\/v2\/types\/post"}],"author":[{"embeddable":true,"href":"https:\/\/cevisa.org.br\/spa\/wp-json\/wp\/v2\/users\/4"}],"replies":[{"embeddable":true,"href":"https:\/\/cevisa.org.br\/spa\/wp-json\/wp\/v2\/comments?post=8260"}],"version-history":[{"count":1,"href":"https:\/\/cevisa.org.br\/spa\/wp-json\/wp\/v2\/posts\/8260\/revisions"}],"predecessor-version":[{"id":9296,"href":"https:\/\/cevisa.org.br\/spa\/wp-json\/wp\/v2\/posts\/8260\/revisions\/9296"}],"wp:featuredmedia":[{"embeddable":true,"href":"https:\/\/cevisa.org.br\/spa\/wp-json\/wp\/v2\/media\/9295"}],"wp:attachment":[{"href":"https:\/\/cevisa.org.br\/spa\/wp-json\/wp\/v2\/media?parent=8260"}],"wp:term":[{"taxonomy":"category","embeddable":true,"href":"https:\/\/cevisa.org.br\/spa\/wp-json\/wp\/v2\/categories?post=8260"},{"taxonomy":"post_tag","embeddable":true,"href":"https:\/\/cevisa.org.br\/spa\/wp-json\/wp\/v2\/tags?post=8260"}],"curies":[{"name":"wp","href":"https:\/\/api.w.org\/{rel}","templated":true}]}}