{"id":8263,"date":"2019-12-10T17:02:52","date_gmt":"2019-12-10T17:02:52","guid":{"rendered":"https:\/\/cevisa.org.br\/portal\/?p=7644"},"modified":"2022-10-04T12:48:12","modified_gmt":"2022-10-04T12:48:12","slug":"problemas-respiratorios-veja-quais-sao-as-principais-causas-mini-guia-de-testes","status":"publish","type":"post","link":"https:\/\/cevisa.org.br\/spa\/problemas-respiratorios-veja-quais-sao-as-principais-causas-mini-guia-de-testes\/","title":{"rendered":"Problemas Respirat\u00f3rios: Veja Quais S\u00e3o As Principais Causas (Mini Guia De Testes)"},"content":{"rendered":"<p><strong>Se voc\u00ea tem alergias, asma ou outros problemas respirat\u00f3rios, entende que \u00e9 importante ter uma maior compreens\u00e3o sobre as causas e os tratamentos mais eficazes. Nesse artigo, voc\u00ea vai encontrar alguns problemas respirat\u00f3rios mais comuns, as suas causas, como identifica-los, e um mini guia de tratamentos.<\/strong><\/p>\n<p>Com a chegada do frio, \u00e9 muito comum ter uma certa dificuldade ao respirar. Ali\u00e1s, algumas doen\u00e7as, como: gripe ou resfriado sempre aparecem com essas mudan\u00e7as na temperatura<\/p>\n<h2>Problemas respirat\u00f3rios cr\u00f4nicos<\/h2>\n<p>Grande parte dos problemas respirat\u00f3rios s\u00e3o cr\u00f4nicos ou de longo prazo. Para estes problemas podemos listar os mais comuns, como: sinusite cr\u00f4nica, alergias e asma. Os sintomas podem facilmente serem detectados, como congest\u00e3o nasal, coriza, coceira nos olhos, congest\u00e3o no peito, tosse, chiado no peito, respira\u00e7\u00e3o dif\u00edcil e respira\u00e7\u00e3o superficial. Algumas pessoas possuem um pouco de dificuldade em respirar quando ficam resfriadas. Outras t\u00eam dificuldade para respirar por causa de eventuais crises de rinite\/ sinusite, o que pode agravar muito em per\u00edodos mais frios.<\/p>\n<h2>Causas de problemas respirat\u00f3rios<\/h2>\n<p>A via nasal \u00e9 um dos principais caminhos percorridos pelos v\u00edrus e al\u00e9rgenos para chegar at\u00e9 os pulm\u00f5es, gerando uma s\u00e9rie de problemas respirat\u00f3rios causados, por exemplo, por uma inflama\u00e7\u00e3o na mucosa nasal, o que pode contribuir para ataques de asma.<\/p>\n<p>Como determinar a causa de problemas respirat\u00f3rios? \u00c9 o que vamos ver a seguir:<\/p>\n<p>Existem v\u00e1rios testes de alergia que o profissional m\u00e9dico pode usar para descobrir se voc\u00ea \u00e9 al\u00e9rgico, o que pode ajudar a identificar se voc\u00ea possui algum problema respirat\u00f3rio e a causa do mesmo. Quer saber quais s\u00e3o? Continue a leitura.<\/p>\n<h3>Teste para determinar qual ou quais s\u00e3o os problemas respirat\u00f3rios<\/h3>\n<p>Os m\u00e9dicos realizam exames f\u00edsico para poder diagnosticar um problema respirat\u00f3rio, al\u00e9m de analisar o hist\u00f3rico familiar do paciente. Somado isso, ir\u00e1 realizar testes espec\u00edficos como a espirometria, metacolina e testes de fun\u00e7\u00e3o pulmonar, frequentemente utilizado para avaliar situa\u00e7\u00e3o de pessoas com asma.<\/p>\n<ul>\n<li><strong>Testes cut\u00e2neo<\/strong><\/li>\n<\/ul>\n<p>O m\u00e9dico utiliza de uma seringa para a inje\u00e7\u00e3o de extrato de al\u00e9rgeno diretamente sob a pele.<\/p>\n<ul>\n<li><strong>A espirometria<\/strong><\/li>\n<\/ul>\n<p>Esse teste mede a quantidade e velocidade do ar que o seu pulm\u00e3o consegue jogar para fora. Este teste de respira\u00e7\u00e3o tem como principal objetivo determinar a quantidade de obstru\u00e7\u00e3o das vias respirat\u00f3rias.<\/p>\n<ul>\n<li><strong>Teste de est\u00edmulo com metacolina<\/strong><\/li>\n<\/ul>\n<p>Ajuda a estabelecer um diagn\u00f3stico de asma<\/p>\n<ul>\n<li>Outros testes, n\u00e3o muito comuns, podem ser usados, como por exemplo, submeter o paciente a contrair um al\u00e9rgeno por vias respirat\u00f3rias. Em alguns casos, o m\u00e9dico pode tirar um raio-X para ver as estruturas do peito, incluindo o cora\u00e7\u00e3o, pulm\u00f5es e ossos. A radiografia do t\u00f3rax \u00e9 um excelente teste para diagnosticar pneumonia. N\u00e3o pode, no entanto, identificar a maioria dos problemas respirat\u00f3rios.<\/li>\n<li><\/li>\n<\/ul>\n<h3>Sabendo o diagn\u00f3stico<\/h3>\n<p>Ap\u00f3s a realiza\u00e7\u00e3o dos testes de alergia, o m\u00e9dico \u00e9 capaz de diagnosticar a causa dos seus problemas respirat\u00f3rios, e tratar os sintomas de uma maneira mais eficaz. Cada um de n\u00f3s somos diferentes e, um m\u00e9todo de tratamento espec\u00edfico que funciona para uma pessoa pode n\u00e3o ser o correto para o seu problema. Por isso, um diagn\u00f3stico preciso \u00e9 importante para que voc\u00ea possa tratar e prevenir problemas respirat\u00f3rios. Logo, se voc\u00ea tiver sintomas de um ou mais dos problemas respirat\u00f3rios comuns consulte o seu m\u00e9dico imediatamente para um diagn\u00f3stico preciso.<\/p>\n<h2>M\u00e9dico otorrinolaringologista no CEVISA<\/h2>\n<p>Voc\u00ea sabia que o CEVISA possui um ambulat\u00f3rio totalmente equipado, com ferramentas modernas e de alta tecnologia? N\u00e3o? Pois, se voc\u00ea est\u00e1 com alguma dificuldade respirat\u00f3ria, agende uma consulta conosco. O CEVISA conta com o apoio da Dra Paula Santana.<\/p>\n<p>Ligue para (19) 3858-5918, e agende agora sua consulta.<\/p>\n","protected":false},"excerpt":{"rendered":"<p>Se voc\u00ea tem alergias, asma ou outros problemas respirat\u00f3rios, entende que \u00e9 importante ter uma maior compreens\u00e3o sobre as causas e os tratamentos mais eficazes. Nesse artigo, voc\u00ea vai encontrar&#8230;<\/p>\n","protected":false},"author":4,"featured_media":9283,"comment_status":"open","ping_status":"closed","sticky":false,"template":"","format":"standard","meta":{"footnotes":""},"categories":[46],"tags":[],"class_list":{"0":"post-8263","1":"post","2":"type-post","3":"status-publish","4":"format-standard","5":"has-post-thumbnail","7":"category-saude-bemestar"},"_links":{"self":[{"href":"https:\/\/cevisa.org.br\/spa\/wp-json\/wp\/v2\/posts\/8263","targetHints":{"allow":["GET"]}}],"collection":[{"href":"https:\/\/cevisa.org.br\/spa\/wp-json\/wp\/v2\/posts"}],"about":[{"href":"https:\/\/cevisa.org.br\/spa\/wp-json\/wp\/v2\/types\/post"}],"author":[{"embeddable":true,"href":"https:\/\/cevisa.org.br\/spa\/wp-json\/wp\/v2\/users\/4"}],"replies":[{"embeddable":true,"href":"https:\/\/cevisa.org.br\/spa\/wp-json\/wp\/v2\/comments?post=8263"}],"version-history":[{"count":1,"href":"https:\/\/cevisa.org.br\/spa\/wp-json\/wp\/v2\/posts\/8263\/revisions"}],"predecessor-version":[{"id":9284,"href":"https:\/\/cevisa.org.br\/spa\/wp-json\/wp\/v2\/posts\/8263\/revisions\/9284"}],"wp:featuredmedia":[{"embeddable":true,"href":"https:\/\/cevisa.org.br\/spa\/wp-json\/wp\/v2\/media\/9283"}],"wp:attachment":[{"href":"https:\/\/cevisa.org.br\/spa\/wp-json\/wp\/v2\/media?parent=8263"}],"wp:term":[{"taxonomy":"category","embeddable":true,"href":"https:\/\/cevisa.org.br\/spa\/wp-json\/wp\/v2\/categories?post=8263"},{"taxonomy":"post_tag","embeddable":true,"href":"https:\/\/cevisa.org.br\/spa\/wp-json\/wp\/v2\/tags?post=8263"}],"curies":[{"name":"wp","href":"https:\/\/api.w.org\/{rel}","templated":true}]}}