{"id":8265,"date":"2019-12-10T17:45:02","date_gmt":"2019-12-10T17:45:02","guid":{"rendered":"https:\/\/cevisa.org.br\/portal\/?p=7652"},"modified":"2022-10-04T12:47:27","modified_gmt":"2022-10-04T12:47:27","slug":"mamae-querida","status":"publish","type":"post","link":"https:\/\/cevisa.org.br\/spa\/mamae-querida\/","title":{"rendered":"Mam\u00e3e querida"},"content":{"rendered":"<p>&nbsp;<\/p>\n<p><strong>No Brasil, o segundo domingo do m\u00eas de Maio \u00e9 comemorado o dia das m\u00e3e. Ali\u00e1s, esse \u00e9 um evento comemorado em v\u00e1rias partes do mundo. Nesse dia, \u00e9 comum as pessoas oferecerem presentes a suas mam\u00e3es, al\u00e9m de enviar mensagens de amor e carinho.<\/strong><\/p>\n<h2>A origem do dia das m\u00e3es<\/h2>\n<p>Essa celebra\u00e7\u00e3o teve origem na Gr\u00e9cia e Roma Antiga, nas festas de primavera. Ali, aconteciam cultos de adora\u00e7\u00e3o \u00e0s divindades, que representavam as m\u00e3es, como como as deusas Reia, m\u00e3e dos deuses, ou Cibele, a deusa m\u00e3e romana.<\/p>\n<p>No s\u00e9culo XVII a Inglaterra surge como motivadora dos eventos e comemora\u00e7\u00f5es para as m\u00e3es. Celebrada no pa\u00eds no quarto domingo da Quaresma, esse dia foi denominado de \u201c<em>MotheringDay<\/em>\u201d. A partir disso, os oper\u00e1rios passaram a ter folga no dia com o intuito de visitar suas m\u00e3es.<\/p>\n<h3>Oficializa\u00e7\u00e3o da data<\/h3>\n<p>J\u00e1 nos Estados Unidos, essa data foi marcada com um fato triste, envolvendo a morte da m\u00e3e de Anna Maria Jarvis, a senhora Ann Maria Reeves Jarvis. Logo em seguida a morte, em 1858 ela fundou os \u201c<em>Mothers Days Works Clubs<\/em>\u201d, realizando campanhas em prol das m\u00e3es trabalhadoras e espalhando mensagens da import\u00e2ncia dessa figura na vida das pessoas.<\/p>\n<p>A data foi oficializada nos Estados Unidos em 1914, pelo presidente Woodrow Wilson (1856-1924). O tempo foi passando e essa celebra\u00e7\u00e3o foi ganhando destaque nas comemora\u00e7\u00f5es, e \u00e9 festejada em quase todas as partes do mundo, em diferentes \u00e9poca.<\/p>\n<p>Separamos uma homenagem as queridas mam\u00e3es pelo seu dia. Confira abaixo no texto em forma de poesia de J. Bernardo.<\/p>\n<h2>Homenagem as m\u00e3es<\/h2>\n<p>M\u00e3e, amor sincero sem exagero.<\/p>\n<p>Maior que o teu amor, s\u00f3 o amor de Deus.<\/p>\n<p>\u00c9s uma \u00e1rvore fecunda, que germina um novo ser.<\/p>\n<p>Teus filhos, mais que frutos, s\u00e3o parte de voc\u00ea.<\/p>\n<p>\u00c9s capaz de doar a pr\u00f3pria vida para salv\u00e1-los.<\/p>\n<p>E muito n\u00e3o te valorizam.<\/p>\n<p>Quando crescem, de te esquecem.<\/p>\n<p>S\u00e3o poucos, os que reconhecem.<\/p>\n<p>Mas, Deus nunca lhe esquecer\u00e1.<\/p>\n<p>E aben\u00e7oar\u00e1 tudo que fizerdes aos seus.<\/p>\n<p>Pe\u00e7o ao Pai Criador que aben\u00e7oe voc\u00ea.<\/p>\n<p>Um filho precisa ver o risco que \u00e9 ser m\u00e3e.<\/p>\n<p>Tudo \u00e9 cirurgia, mas ela aceita com alegria.<\/p>\n<p>O filho que vai nascer.<\/p>\n<p>Obrigado \u00e9 muito pouco, presente n\u00e3o \u00e9 tudo.<\/p>\n<p>Mas, o reconhecimento, isso! Sim, \u00e9 pra valer.<\/p>\n<p>Meus sinceros agradecimentos por este momento.<\/p>\n<p>Maio, m\u00eas referente \u00e0s m\u00e3es, embora \u00e9 bom lembrar.<\/p>\n<p>Dia das m\u00e3es, que alegria \u00e9 todo dia.<\/p>\n<p><em>J.Bernardo<\/em><\/p>\n<p>O CEVISA deseja a voc\u00ea mam\u00e3e, um dia repleto de alegrias e muito amor. Desejamos tamb\u00e9m que, essas demonstra\u00e7\u00f5es de carinho e respeito possam se repetir todos os dias.<\/p>\n<p><strong>FELIZ DIA DAS M\u00c3ES!&nbsp;<\/strong>Com amor,<\/p>\n<p>CEVISA.<\/p>\n","protected":false},"excerpt":{"rendered":"<p>&nbsp; No Brasil, o segundo domingo do m\u00eas de Maio \u00e9 comemorado o dia das m\u00e3e. Ali\u00e1s, esse \u00e9 um evento comemorado em v\u00e1rias partes do mundo. Nesse dia, \u00e9&#8230;<\/p>\n","protected":false},"author":4,"featured_media":9279,"comment_status":"open","ping_status":"closed","sticky":false,"template":"","format":"standard","meta":{"footnotes":""},"categories":[42,50,53,61],"tags":[],"class_list":{"0":"post-8265","1":"post","2":"type-post","3":"status-publish","4":"format-standard","5":"has-post-thumbnail","7":"category-beauty","8":"category-comfort","9":"category-lifestyle","10":"category-wedding"},"_links":{"self":[{"href":"https:\/\/cevisa.org.br\/spa\/wp-json\/wp\/v2\/posts\/8265","targetHints":{"allow":["GET"]}}],"collection":[{"href":"https:\/\/cevisa.org.br\/spa\/wp-json\/wp\/v2\/posts"}],"about":[{"href":"https:\/\/cevisa.org.br\/spa\/wp-json\/wp\/v2\/types\/post"}],"author":[{"embeddable":true,"href":"https:\/\/cevisa.org.br\/spa\/wp-json\/wp\/v2\/users\/4"}],"replies":[{"embeddable":true,"href":"https:\/\/cevisa.org.br\/spa\/wp-json\/wp\/v2\/comments?post=8265"}],"version-history":[{"count":1,"href":"https:\/\/cevisa.org.br\/spa\/wp-json\/wp\/v2\/posts\/8265\/revisions"}],"predecessor-version":[{"id":9280,"href":"https:\/\/cevisa.org.br\/spa\/wp-json\/wp\/v2\/posts\/8265\/revisions\/9280"}],"wp:featuredmedia":[{"embeddable":true,"href":"https:\/\/cevisa.org.br\/spa\/wp-json\/wp\/v2\/media\/9279"}],"wp:attachment":[{"href":"https:\/\/cevisa.org.br\/spa\/wp-json\/wp\/v2\/media?parent=8265"}],"wp:term":[{"taxonomy":"category","embeddable":true,"href":"https:\/\/cevisa.org.br\/spa\/wp-json\/wp\/v2\/categories?post=8265"},{"taxonomy":"post_tag","embeddable":true,"href":"https:\/\/cevisa.org.br\/spa\/wp-json\/wp\/v2\/tags?post=8265"}],"curies":[{"name":"wp","href":"https:\/\/api.w.org\/{rel}","templated":true}]}}