{"id":8543,"date":"2021-07-30T15:51:20","date_gmt":"2021-07-30T15:51:20","guid":{"rendered":"https:\/\/cevisa.org.br\/portal\/?p=8543"},"modified":"2022-10-04T11:24:47","modified_gmt":"2022-10-04T11:24:47","slug":"6-cuidados-com-a-pele","status":"publish","type":"post","link":"https:\/\/cevisa.org.br\/spa\/6-cuidados-com-a-pele\/","title":{"rendered":"6 cuidados com a pele"},"content":{"rendered":"<p><strong>6 cuidados com a pele<\/strong><\/p>\n<p>&nbsp;<\/p>\n<p>As caracter\u00edsticas da pele, suas funcionalidades e import\u00e2ncia para o nosso organismo s\u00e3o realmente magn\u00edficas, n\u00e3o \u00e9 mesmo? Ela \u00e9 o maior \u00f3rg\u00e3o do nosso corpo, nos protege contra traumatismos, participa da s\u00edntese da vitamina D, atua na manuten\u00e7\u00e3o do equil\u00edbrio h\u00eddrico e eletrol\u00edtico e ainda ajuda na regula\u00e7\u00e3o da temperatura corporal, por isso, cuidados com a pele s\u00e3o essenciais.<\/p>\n<p>&nbsp;<\/p>\n<p>Eventualmente, ela pode at\u00e9 mesmo indicar algum problema de sa\u00fade, apesar da maior parte dos transtornos ser apenas localizada na pele. Mas, afinal, como \u00e9 composta a nossa pele? E como podemos cuidar dela de forma efetiva? Acompanhe neste artigo:<\/p>\n<p>&nbsp;<\/p>\n<p><strong>Como \u00e9 composta as camadas da pele<\/strong><\/p>\n<p><strong>&nbsp;<\/strong><\/p>\n<p>A gente ouve falar bastante sobre derme e epiderme, principalmente nas publicidades de cosm\u00e9ticos.<\/p>\n<p>Na verdade, a epiderme, a derme e a camada subcut\u00e2nea de gordura s\u00e3o as tr\u00eas principais camadas da pele.<\/p>\n<p>&nbsp;<\/p>\n<p>A epiderme \u00e9 a mais superficial. Ela \u00e9 fina e resistente, e tem a fun\u00e7\u00e3o de impedir a entrada da maior parte de agentes externos, como v\u00edrus e bact\u00e9rias. \u00c9 tamb\u00e9m na epiderme que&nbsp; se produz a famosa melanina, que d\u00e1 cor \u00e0 pele e ajuda nos proteger contra a radia\u00e7\u00e3o ultravioleta.<\/p>\n<p>&nbsp;<\/p>\n<p>J\u00e1 a derme \u00e9 a camada mais espessa, atua na flexibilidade e resist\u00eancia e ainda envolve uma s\u00e9rie de fun\u00e7\u00f5es importantes, como termina\u00e7\u00f5es nervosas, vasos sangu\u00edneos.<\/p>\n<p>e gl\u00e2ndulas sudor\u00edparas e oleosas (seb\u00e1ceas),<\/p>\n<p>&nbsp;<\/p>\n<p>Por fim, temos a camada de gordura, que ajuda a isolar o corpo do calor e do frio e ainda possui cobertura que serve para armazenar energia.<\/p>\n<p>&nbsp;<\/p>\n<p><strong>Principais cuidados<\/strong><\/p>\n<p><strong>&nbsp;<\/strong><\/p>\n<p>Sendo um \u00f3rg\u00e3o em contato direto com o meio ambiente, a nossa pele exige cuidados di\u00e1rios espec\u00edficos. S\u00e3o estes:<\/p>\n<p>&nbsp;<\/p>\n<p><strong>Higiene<\/strong><\/p>\n<p><strong>&nbsp;<\/strong><\/p>\n<p>Bom, n\u00e3o \u00e9 \u00e0 toa que tomamos banho frequentemente. A higiene ajuda a remover impurezas, agentes infecciosos e poeira. Especificamente para a pele do rosto, \u00e9 importante higienizar duas vezes por dia. Isso porque as sujeiras acumuladas ajudam a formar cravos e espinhas e tamb\u00e9m podem provocar o envelhecimento precoce. Use um sabonete adequado para o seu tipo de pele e tamb\u00e9m um t\u00f4nico, que ajuda a fazer uma limpeza mais profunda da pele do rosto.<\/p>\n<p>&nbsp;<\/p>\n<p><strong>Hidrata\u00e7\u00e3o<\/strong><\/p>\n<p>&nbsp;<\/p>\n<p>A hidrata\u00e7\u00e3o n\u00e3o apenas vai contribuir para uma pele mais macia e bonita. Ela tamb\u00e9m \u00e9 fundamental para evitar danos, como ressecamento, irrita\u00e7\u00f5es e infec\u00e7\u00f5es. Tamb\u00e9m vale lembrar de utilizar sempre um produto adequado para o seu tipo de pele, incluindo quem tem pele oleosa. Outra dica essencial para a hidrata\u00e7\u00e3o e para a sa\u00fade como um todo, \u00e9 claro, tomar bastante \u00e1gua, preferencialmente 2 litros por dia.<\/p>\n<p>&nbsp;<\/p>\n<p>A boa hidrata\u00e7\u00e3o tamb\u00e9m engloba evitar a exposi\u00e7\u00e3o excessiva ao sol, manter uma alimenta\u00e7\u00e3o saud\u00e1vel, rica em frutas e verduras, bem como evitar banhos muitos quentes e buchas que possam agredir a pele.<\/p>\n<p>&nbsp;<\/p>\n<p>&nbsp;<\/p>\n<p><strong>Prote\u00e7\u00e3o Solar<\/strong><\/p>\n<p><strong>&nbsp;<\/strong><\/p>\n<p>O sol \u00e9 indispens\u00e1vel para a sa\u00fade. Mas, em excesso, ele se torna nocivo. Isso \u00e9 devido \u00e0 exposi\u00e7\u00e3o de radia\u00e7\u00e3o ultravioleta (UV) que podepromover o surgimento de altera\u00e7\u00f5es na pele, como sardas, rugas, tumores benignos e o c\u00e2ncer de pele.<\/p>\n<p>&nbsp;<\/p>\n<p>Por isso, procure evitar o sol das 10h \u00e0s 16h, que \u00e9 o per\u00edodo de maior radia\u00e7\u00e3o UVB. Use sempre protetor solar com Fator de Prote\u00e7\u00e3o Solar (FPS) de no m\u00ednimo 30. Use tamb\u00e9m outros recursos, como \u00f3culos escuros como prote\u00e7\u00e3o ultravioleta, chap\u00e9us, camisas de manga comprida, entre outras estrat\u00e9gias.<\/p>\n<p><strong>&nbsp;<\/strong><\/p>\n<p><strong>&nbsp;<\/strong><\/p>\n<p><strong>Cuide do seu bem-estar<\/strong><\/p>\n<p>&nbsp;<\/p>\n<p>N\u00e3o basta apenas cuidar da pele de fora para dentro. Al\u00e9m de cuidar da sua alimenta\u00e7\u00e3o e de beber \u00e1gua, lembre-se tamb\u00e9m que o sedentarismo e o estresse podem deixar grandes marcas na pele.<\/p>\n<p>&nbsp;<\/p>\n<p>Mantendo uma boa sa\u00fade do corpo, da mente e do esp\u00edrito, a pele tamb\u00e9m ir\u00e1 refletir esse estado de frescor e de sa\u00fade<\/p>\n<p>&nbsp;<\/p>\n<p><strong> Quer saber mais sobre o <a href=\"https:\/\/cevisa.org.br\/portal\/\">CEVISA<\/a>? <a href=\"https:\/\/api.whatsapp.com\/send?phone=%205519997328623&amp;text=Ol%C3%A1%2C%20quero%20fazer%20minha%20reserva&amp;utm_campaign=pos_covid-19&amp;utm_medium=email&amp;utm_source=RD+Station\">Clique aqui e fale com nossa equipe<\/a>!<\/strong><\/p>\n","protected":false},"excerpt":{"rendered":"<p>6 cuidados com a pele &nbsp; As caracter\u00edsticas da pele, suas funcionalidades e import\u00e2ncia para o nosso organismo s\u00e3o realmente magn\u00edficas, n\u00e3o \u00e9 mesmo? Ela \u00e9 o maior \u00f3rg\u00e3o do&#8230;<\/p>\n","protected":false},"author":4,"featured_media":6309,"comment_status":"open","ping_status":"closed","sticky":false,"template":"","format":"standard","meta":{"footnotes":""},"categories":[46],"tags":[216,147,138,215,211,74,212,213,69,93],"class_list":{"0":"post-8543","1":"post","2":"type-post","3":"status-publish","4":"format-standard","5":"has-post-thumbnail","7":"category-saude-bemestar","8":"tag-acucar","9":"tag-covid-19","10":"tag-fisioterapia","11":"tag-glicemia","12":"tag-nutricao","13":"tag-qualidade-de-vida","14":"tag-reabilitacao","15":"tag-recuperacao-pos-covid","16":"tag-saude-e-bem-estar","17":"tag-saude-emocional"},"_links":{"self":[{"href":"https:\/\/cevisa.org.br\/spa\/wp-json\/wp\/v2\/posts\/8543","targetHints":{"allow":["GET"]}}],"collection":[{"href":"https:\/\/cevisa.org.br\/spa\/wp-json\/wp\/v2\/posts"}],"about":[{"href":"https:\/\/cevisa.org.br\/spa\/wp-json\/wp\/v2\/types\/post"}],"author":[{"embeddable":true,"href":"https:\/\/cevisa.org.br\/spa\/wp-json\/wp\/v2\/users\/4"}],"replies":[{"embeddable":true,"href":"https:\/\/cevisa.org.br\/spa\/wp-json\/wp\/v2\/comments?post=8543"}],"version-history":[{"count":1,"href":"https:\/\/cevisa.org.br\/spa\/wp-json\/wp\/v2\/posts\/8543\/revisions"}],"predecessor-version":[{"id":9142,"href":"https:\/\/cevisa.org.br\/spa\/wp-json\/wp\/v2\/posts\/8543\/revisions\/9142"}],"wp:featuredmedia":[{"embeddable":true,"href":"https:\/\/cevisa.org.br\/spa\/wp-json\/wp\/v2\/media\/6309"}],"wp:attachment":[{"href":"https:\/\/cevisa.org.br\/spa\/wp-json\/wp\/v2\/media?parent=8543"}],"wp:term":[{"taxonomy":"category","embeddable":true,"href":"https:\/\/cevisa.org.br\/spa\/wp-json\/wp\/v2\/categories?post=8543"},{"taxonomy":"post_tag","embeddable":true,"href":"https:\/\/cevisa.org.br\/spa\/wp-json\/wp\/v2\/tags?post=8543"}],"curies":[{"name":"wp","href":"https:\/\/api.w.org\/{rel}","templated":true}]}}