{"id":9616,"date":"2023-12-06T17:06:52","date_gmt":"2023-12-06T17:06:52","guid":{"rendered":"https:\/\/cevisa.org.br\/spa\/?p=9616"},"modified":"2023-12-29T20:24:48","modified_gmt":"2023-12-29T20:24:48","slug":"lasanha-de-berinjela","status":"publish","type":"post","link":"https:\/\/cevisa.org.br\/spa\/lasanha-de-berinjela\/","title":{"rendered":"Lasanha de Berinjela"},"content":{"rendered":"\n<ul class=\"wp-block-list\">\n<li>1 berinjela fatiada em rodelas e pr\u00e9 assada (azeite e sal por 5 minutos)<\/li>\n\n\n\n<li>2 x\u00edcaras de castanha do Brasil triturada ou res\u00edduo do leite vegetal<\/li>\n\n\n\n<li>\u00bc de tofu firme<\/li>\n\n\n\n<li>1 x\u00edcara de pat\u00ea ou molho de tomate consistente<\/li>\n\n\n\n<li>Azeite<\/li>\n\n\n\n<li>Sal<\/li>\n\n\n\n<li>Azeitona<\/li>\n\n\n\n<li>Manjeric\u00e3o ou or\u00e9gano<\/li>\n<\/ul>\n\n\n\n<p><strong>Preparo:<\/strong><\/p>\n\n\n\n<p>Em uma tigela, misture todos os ingredientes do recheio. Acerte o sal.<br>Com as berinjelas j\u00e1 assadas e amolecidas, monte a lasanha em uma assadeira ou em por\u00e7\u00f5es individuais, sempre intercalando. Leve para assar at\u00e9 dourar. Sirva com molho de tomate fresco.<\/p>\n","protected":false},"excerpt":{"rendered":"<p>Preparo: Em uma tigela, misture todos os ingredientes do recheio. Acerte o sal.Com as berinjelas j\u00e1 assadas e amolecidas, monte a lasanha em uma assadeira ou em por\u00e7\u00f5es individuais, sempre&#8230;<\/p>\n","protected":false},"author":1,"featured_media":9708,"comment_status":"open","ping_status":"open","sticky":false,"template":"","format":"standard","meta":{"footnotes":""},"categories":[118],"tags":[71,184,185],"class_list":{"0":"post-9616","1":"post","2":"type-post","3":"status-publish","4":"format-standard","5":"has-post-thumbnail","7":"category-receitas","8":"tag-dicas","9":"tag-receitas","10":"tag-receitas-vegetarianas"},"_links":{"self":[{"href":"https:\/\/cevisa.org.br\/spa\/wp-json\/wp\/v2\/posts\/9616","targetHints":{"allow":["GET"]}}],"collection":[{"href":"https:\/\/cevisa.org.br\/spa\/wp-json\/wp\/v2\/posts"}],"about":[{"href":"https:\/\/cevisa.org.br\/spa\/wp-json\/wp\/v2\/types\/post"}],"author":[{"embeddable":true,"href":"https:\/\/cevisa.org.br\/spa\/wp-json\/wp\/v2\/users\/1"}],"replies":[{"embeddable":true,"href":"https:\/\/cevisa.org.br\/spa\/wp-json\/wp\/v2\/comments?post=9616"}],"version-history":[{"count":2,"href":"https:\/\/cevisa.org.br\/spa\/wp-json\/wp\/v2\/posts\/9616\/revisions"}],"predecessor-version":[{"id":9618,"href":"https:\/\/cevisa.org.br\/spa\/wp-json\/wp\/v2\/posts\/9616\/revisions\/9618"}],"wp:featuredmedia":[{"embeddable":true,"href":"https:\/\/cevisa.org.br\/spa\/wp-json\/wp\/v2\/media\/9708"}],"wp:attachment":[{"href":"https:\/\/cevisa.org.br\/spa\/wp-json\/wp\/v2\/media?parent=9616"}],"wp:term":[{"taxonomy":"category","embeddable":true,"href":"https:\/\/cevisa.org.br\/spa\/wp-json\/wp\/v2\/categories?post=9616"},{"taxonomy":"post_tag","embeddable":true,"href":"https:\/\/cevisa.org.br\/spa\/wp-json\/wp\/v2\/tags?post=9616"}],"curies":[{"name":"wp","href":"https:\/\/api.w.org\/{rel}","templated":true}]}}